{"id":21577,"date":"2023-01-26T08:57:50","date_gmt":"2023-01-26T08:57:50","guid":{"rendered":"https:\/\/matraxoyuncak.com\/?p=21577"},"modified":"2026-08-05T13:09:22","modified_gmt":"2026-08-05T13:09:22","slug":"dunyanin-en-buyuk-oyuncak-fuarindayiz","status":"publish","type":"post","link":"https:\/\/matraxoyuncak.com\/fr\/dunyanin-en-buyuk-oyuncak-fuarindayiz\/","title":{"rendered":"D\u00fcnyan\u0131n En B\u00fcy\u00fck Oyuncak Fuar\u0131nday\u0131z!"},"content":{"rendered":"<div data-elementor-type=\"wp-post\" data-elementor-id=\"21577\" class=\"elementor elementor-21577\">\n\t\t\t\t\t\t<section class=\"elementor-section elementor-top-section elementor-element elementor-element-54f92ff elementor-section-boxed elementor-section-height-default elementor-section-height-default sc_fly_static\" data-id=\"54f92ff\" data-element_type=\"section\" data-e-type=\"section\">\n\t\t\t\t\t\t<div class=\"elementor-container elementor-column-gap-extended\">\n\t\t\t\t\t<div class=\"elementor-column elementor-col-100 elementor-top-column elementor-element elementor-element-4506953 sc_inner_width_none sc_content_align_inherit sc_layouts_column_icons_position_left sc_fly_static\" data-id=\"4506953\" data-element_type=\"column\" data-e-type=\"column\">\n\t\t\t<div class=\"elementor-widget-wrap elementor-element-populated\">\n\t\t\t\t\t\t<div class=\"elementor-element elementor-element-63c92b8 sc_fly_static elementor-widget elementor-widget-text-editor\" data-id=\"63c92b8\" data-element_type=\"widget\" data-e-type=\"widget\" data-widget_type=\"text-editor.default\">\n\t\t\t\t<div class=\"elementor-widget-container\">\n\t\t\t\t\t\t\t\t\t<p><span style=\"color: #000000;\">&#8220;Matrax oyuncak olarak, sekt\u00f6r\u00fcn en prestijli fuarlar\u0131ndan biri olan Nuremberg International Toy Fair&#8217;e kat\u0131l\u0131yoruz! 1-5 \u015eubat tarihleri aras\u0131nda ger\u00e7ekle\u015fecek olan fuar, oyuncak \u00fcreticileri, tedarik\u00e7ileri ve t\u00fcketicileri aras\u0131nda bir araya getirecek ve bizim yeni oyuncaklar\u0131m\u0131z\u0131 tan\u0131tmam\u0131za olanak sa\u011flayacak.<\/span><\/p><p><span style=\"color: #000000;\">Bu y\u0131l, stand numaram\u0131z Hall 5 &#8211; D-10 ve sizleri orada g\u00f6rmeyi \u00e7ok istiyoruz. Fuar \u00f6ncesinde ve sonras\u0131nda yapt\u0131\u011f\u0131m\u0131z \u00e7al\u0131\u015fmalar\u0131, \u00fcretti\u011fimiz yeni oyuncaklar\u0131 ve fuarda elde etti\u011fimiz sonu\u00e7lar\u0131 sizlerle payla\u015faca\u011f\u0131z.<\/span><\/p><p><span style=\"color: #000000;\">Fuar s\u00fcresince, \u00f6zellikle \u00e7ocuklar i\u00e7in \u00fcretti\u011fimiz oyuncaklar ile ilgi \u00e7ekece\u011fimizi d\u00fc\u015f\u00fcn\u00fcyoruz. Fuara kat\u0131l\u0131m\u0131n\u0131z i\u00e7in sizi \u015fimdiden davet ediyoruz. Matrax oyuncaklar\u0131n\u0131n d\u00fcnyaya tan\u0131t\u0131lmas\u0131 i\u00e7in bu fuara kat\u0131lman\u0131n harika bir f\u0131rsat oldu\u011funa inan\u0131yoruz.&#8221;<\/span><\/p>\t\t\t\t\t\t\t\t<\/div>\n\t\t\t\t<\/div>\n\t\t\t\t\t<\/div>\n\t\t<\/div>\n\t\t\t\t\t<\/div>\n\t\t<\/section>\n\t\t\t\t<\/div>","protected":false},"excerpt":{"rendered":"<p>&#8220;Matrax oyuncak olarak, sekt\u00f6r\u00fcn en prestijli fuarlar\u0131ndan biri olan Nuremberg International Toy Fair&#8217;e kat\u0131l\u0131yoruz! 1-5 \u015eubat tarihleri aras\u0131nda ger\u00e7ekle\u015fecek olan fuar, oyuncak \u00fcreticileri, tedarik\u00e7ileri ve t\u00fcketicileri aras\u0131nda bir araya getirecek&hellip;<\/p>","protected":false},"author":1,"featured_media":21587,"comment_status":"closed","ping_status":"closed","sticky":false,"template":"elementor_theme","format":"standard","meta":{"footnotes":""},"categories":[263],"tags":[257,265,266],"class_list":["post-21577","post","type-post","status-publish","format-standard","has-post-thumbnail","hentry","category-blog","tag-fuar","tag-nurnberg","tag-spielwarenmesse"],"_links":{"self":[{"href":"https:\/\/matraxoyuncak.com\/fr\/wp-json\/wp\/v2\/posts\/21577","targetHints":{"allow":["GET"]}}],"collection":[{"href":"https:\/\/matraxoyuncak.com\/fr\/wp-json\/wp\/v2\/posts"}],"about":[{"href":"https:\/\/matraxoyuncak.com\/fr\/wp-json\/wp\/v2\/types\/post"}],"author":[{"embeddable":true,"href":"https:\/\/matraxoyuncak.com\/fr\/wp-json\/wp\/v2\/users\/1"}],"replies":[{"embeddable":true,"href":"https:\/\/matraxoyuncak.com\/fr\/wp-json\/wp\/v2\/comments?post=21577"}],"version-history":[{"count":8,"href":"https:\/\/matraxoyuncak.com\/fr\/wp-json\/wp\/v2\/posts\/21577\/revisions"}],"predecessor-version":[{"id":21754,"href":"https:\/\/matraxoyuncak.com\/fr\/wp-json\/wp\/v2\/posts\/21577\/revisions\/21754"}],"wp:featuredmedia":[{"embeddable":true,"href":"https:\/\/matraxoyuncak.com\/fr\/wp-json\/wp\/v2\/media\/21587"}],"wp:attachment":[{"href":"https:\/\/matraxoyuncak.com\/fr\/wp-json\/wp\/v2\/media?parent=21577"}],"wp:term":[{"taxonomy":"category","embeddable":true,"href":"https:\/\/matraxoyuncak.com\/fr\/wp-json\/wp\/v2\/categories?post=21577"},{"taxonomy":"post_tag","embeddable":true,"href":"https:\/\/matraxoyuncak.com\/fr\/wp-json\/wp\/v2\/tags?post=21577"}],"curies":[{"name":"wp","href":"https:\/\/api.w.org\/{rel}","templated":true}]}}